{"id":11984,"date":"2019-05-22T07:44:55","date_gmt":"2019-05-22T07:44:55","guid":{"rendered":"https:\/\/misslanguages.com\/?p=11984"},"modified":"2019-05-22T07:45:29","modified_gmt":"2019-05-22T07:45:29","slug":"usos-de-ser-y-estar","status":"publish","type":"post","link":"https:\/\/misslanguages.com\/es\/usos-de-ser-y-estar\/","title":{"rendered":"USOS DE SER Y ESTAR"},"content":{"rendered":"<h2>USOS DE SER Y ESTAR<\/h2>\n<p><img decoding=\"async\" class=\"alignnone size-full wp-image-11985\" src=\"https:\/\/misslanguages.com\/wp-content\/uploads\/2019\/05\/Dos-verbos-problemas-suelen-causar-a-los-estudiantes-de-espanol-son-los-verbos-ser-y-estar.jpg\" alt=\"Dos de los verbos que m\u00e1s problemas suelen causar a los estudiantes de espa\u00f1ol son los verbos ser y estar,\" width=\"1000\" height=\"667\" srcset=\"https:\/\/misslanguages.com\/wp-content\/uploads\/2019\/05\/Dos-verbos-problemas-suelen-causar-a-los-estudiantes-de-espanol-son-los-verbos-ser-y-estar-200x133.jpg 200w, https:\/\/misslanguages.com\/wp-content\/uploads\/2019\/05\/Dos-verbos-problemas-suelen-causar-a-los-estudiantes-de-espanol-son-los-verbos-ser-y-estar-300x200.jpg 300w, https:\/\/misslanguages.com\/wp-content\/uploads\/2019\/05\/Dos-verbos-problemas-suelen-causar-a-los-estudiantes-de-espanol-son-los-verbos-ser-y-estar-400x267.jpg 400w, https:\/\/misslanguages.com\/wp-content\/uploads\/2019\/05\/Dos-verbos-problemas-suelen-causar-a-los-estudiantes-de-espanol-son-los-verbos-ser-y-estar-500x334.jpg 500w, https:\/\/misslanguages.com\/wp-content\/uploads\/2019\/05\/Dos-verbos-problemas-suelen-causar-a-los-estudiantes-de-espanol-son-los-verbos-ser-y-estar-600x400.jpg 600w, https:\/\/misslanguages.com\/wp-content\/uploads\/2019\/05\/Dos-verbos-problemas-suelen-causar-a-los-estudiantes-de-espanol-son-los-verbos-ser-y-estar-700x467.jpg 700w, https:\/\/misslanguages.com\/wp-content\/uploads\/2019\/05\/Dos-verbos-problemas-suelen-causar-a-los-estudiantes-de-espanol-son-los-verbos-ser-y-estar-768x512.jpg 768w, https:\/\/misslanguages.com\/wp-content\/uploads\/2019\/05\/Dos-verbos-problemas-suelen-causar-a-los-estudiantes-de-espanol-son-los-verbos-ser-y-estar-800x534.jpg 800w, https:\/\/misslanguages.com\/wp-content\/uploads\/2019\/05\/Dos-verbos-problemas-suelen-causar-a-los-estudiantes-de-espanol-son-los-verbos-ser-y-estar.jpg 1000w\" sizes=\"(max-width: 1000px) 100vw, 1000px\" \/><\/p>\n<p>Dos de los verbos que m\u00e1s problemas suelen causar a los estudiantes de espa\u00f1ol son los verbos ser y estar, debido a que en algunos idiomas como ingl\u00e9s o alem\u00e1n solo existe uno: \u201cto be\u201d o en alem\u00e1n \u201csein\u201d.<\/p>\n<p>Pero en espa\u00f1ol son dos verbos completamente distintos, con significados y usos diferentes, imaginad que hablamos de otros dos verbos como \u201ccomer\u201d y \u201cescribir\u201d, no tienen nada en com\u00fan \u00bfverdad?&#8230;pues igual con estos dos.<\/p>\n<p>Para aprender y no confundir estos dos verbos debemos entender su uso y aprender a utilizarlos seg\u00fan su significado.<\/p>\n<h3>SER<\/h3>\n<p>Usamos el verbo ser cuando hablamos de las caracter\u00edsticas inherentes a la persona, cosa o animal del que estamos hablando. Cuando lo describimos, tenemos que pensar que esas cualidades de las que hablamos NO CAMBIAN. Si soy mujer, alta, guapa e inteligente ser\u00e9 as\u00ed hoy y dentro de un mes. Si la mesa es blanca, alargada, de madera y barata, tambi\u00e9n ser\u00e1 as\u00ed siempre.<\/p>\n<p>Entonces, usamos \u201cser\u201d cuando hablamos de las siguientes caracter\u00edsticas, dependiendo de si hablamos de personas u objetos:<\/p>\n<p><strong>\u2022 Identificar: Soy Maribel<\/strong><br \/>\nEsto es una mesa<\/p>\n<p><strong>\u2022 Nacionalidad u origen: Soy espa\u00f1ola. Soy de Espa\u00f1a<\/strong><br \/>\nLa mesa es china (fabricada en China)<\/p>\n<p><strong>\u2022 Sexo: Soy mujer<\/strong><\/p>\n<p><strong>\u2022 Profesi\u00f3n: Soy profesora de espa\u00f1ol<\/strong><\/p>\n<p><strong>\u2022 Caracter\u00edsticas f\u00edsicas. Descripci\u00f3n: Soy alta, delgada, guapa, rubia y atl\u00e9tica<\/strong><br \/>\nLa mesa es blanca, redonda, ancha y de madera<\/p>\n<p><strong>\u2022 Personalidad: Soy inteligente, trabajadora, cari\u00f1osa, habladora\u2026y muchas m\u00e1s cosas buenas<\/strong><\/p>\n<p><strong>\u2022 Valorar: La mesa es funcional y pr\u00e1ctica<\/strong><br \/>\nEl perro es el mejor amigo del hombre<\/p>\n<p><strong>\u2022 Hora y tiempo: Son las diez de la ma\u00f1ana. Es lunes<\/strong><\/p>\n<p><strong>\u2022 Eventos o sucesos (cu\u00e1ndo): El examen es el viernes a las 11 en el aula 2.<\/strong><\/p>\n<h3>ESTAR<\/h3>\n<p>Voy a dividir el uso de \u201cestar\u201d en dos grandes grupos independientes.<\/p>\n<p><strong>1. Localizaci\u00f3n o ubicaci\u00f3n de personas, animales o cosas:<\/strong><br \/>\nEstoy en Marbella<br \/>\nMarbella est\u00e1 en el sur de Espa\u00f1a<br \/>\nEspa\u00f1a est\u00e1 cerca de Portugal<br \/>\nLa mesa est\u00e1 en el centro de la habitaci\u00f3n<br \/>\nLa escuela est\u00e1 al lado de la plaza<\/p>\n<p><strong>2. Estados que CAMBIAN<\/strong><\/p>\n<p>o Estados f\u00edsicos: Estoy gorda (normalmente cuando me describo digo \u201cSoy delgada, pero ahora estoy gorda\u201d). Ha habido un cambio y es temporal.<\/p>\n<p>Estoy enferma. Tambi\u00e9n hay un cambio de mi estado permanente \u201cEstoy sana\u201d. Es temporal.<\/p>\n<p>Estoy cansada, hoy he trabajado 10 horas. Hay cambio. Es temporal.<\/p>\n<p>Pablo est\u00e1 muy guapo con ese corte de pelo. Pablo est\u00e1 excepcionalmente guapo con el cambio de imagen.<\/p>\n<p>Excepci\u00f3n: Mi abuelo est\u00e1 muerto. Es permanente, pero aun as\u00ed usa \u201cestar\u201d.<\/p>\n<p>o Estados an\u00edmicos: Sandra est\u00e1 triste porque no ha aprobado el examen (Sandra es una chica alegre, est\u00e1 triste por algo que ha pasado). Es temporal.<\/p>\n<p>Mi hermana es normalmente muy simp\u00e1tica pero hoy est\u00e1 antip\u00e1tica. Es temporal, no es su habitual forma de ser.<\/p>\n<p>En resumen, las cosas que NO CAMBIAN o son PERMANENTES usan \u201cser\u201d, las cosas que S\u00cd CAMBIAN o son TEMPORALES usan \u201cestar\u201d. Si dud\u00e1is entre usar uno u otro verbo preguntaos \u00bfcambia? S\u00cd, pues entonces es \u201cestar\u201d; si la respuesta es NO, pues entonces usamos \u201cser\u201d.<\/p>\n<p>Por \u00faltimo, hay adjetivos que se pueden usar con \u201cser\u201d y con \u201cestar\u201d y que CAMBIAN SU SIGNIFICADO si los acompa\u00f1an uno u otro. Os pongo la traducci\u00f3n al ingl\u00e9s para que ve\u00e1is m\u00e1s claramente la diferencia:<\/p>\n<p><strong>LISTO: Soy lista (soy inteligente) I am clever<\/strong><br \/>\nEstoy lista (estoy preparada) I am ready<\/p>\n<p><strong>MALO: Soy mala (soy mala persona) I am a bad person<\/strong><br \/>\nEstoy mala (estoy enferma) I am sick<\/p>\n<p><strong>RICO: Soy rica (tengo mucho dinero) I am rich<\/strong><br \/>\nLa paella est\u00e1 rica (est\u00e1 sabrosa, buena de sabor) The paella is tasty<\/p>\n<p><strong>ORGULLOSO: Soy orgullosa. I am arrogant<\/strong><br \/>\nEstoy orgullosa. I am proud<\/p>\n<p><strong>INTERESADO: Pablo es interesado. Pablo is selfish<\/strong><br \/>\nPablo est\u00e1 interesado. Pablo is interested<\/p>\n<p><strong>ABURRIDO: Paco es aburrido. Paco is boring<\/strong><br \/>\nPaco est\u00e1 aburrido. Paco is bored<\/p>\n<p><strong>DESPIERTO: El ni\u00f1o es muy despierto. The child is smart<\/strong><br \/>\nEl ni\u00f1o est\u00e1 despierto. The child is awake<\/p>\n<p>Ahora solo os queda practicar mucho y sin temor a equivocaros\u2026no pasa nada si os equivoc\u00e1is y es realmente con el uso cuando se memorizan las estructuras y las fijamos en nuestra mente.<\/p>\n<h3>\u00bfEst\u00e1is listos?<\/h3>\n","protected":false},"excerpt":{"rendered":"<p>USOS DE SER Y ESTAR Dos de los verbos que m\u00e1s problemas suelen causar a los estudiantes de espa\u00f1ol son<\/p>\n","protected":false},"author":4,"featured_media":11985,"comment_status":"open","ping_status":"closed","sticky":false,"template":"","format":"standard","meta":{"footnotes":""},"categories":[181,183,185,186,187,188],"tags":[267,268,269,266,265,219,190],"class_list":["post-11984","post","type-post","status-publish","format-standard","has-post-thumbnail","hentry","category-aprender-espanol-en-marbella-es","category-escuela-espanol-en-marbella-fr-es","category-learn-spanish-in-marbella-es","category-spanish-classes-marbella-es-2","category-spanish-language-courses-marbella-es","category-spanish-lessons-marbella-es-es","tag-clases-de-espanol","tag-escuela-de-espanol","tag-escuela-de-idiomas-marbella","tag-espanol","tag-hablar-espanol","tag-learn-spanish-es-2","tag-marbella-language-school-es"],"_links":{"self":[{"href":"https:\/\/misslanguages.com\/es\/wp-json\/wp\/v2\/posts\/11984","targetHints":{"allow":["GET"]}}],"collection":[{"href":"https:\/\/misslanguages.com\/es\/wp-json\/wp\/v2\/posts"}],"about":[{"href":"https:\/\/misslanguages.com\/es\/wp-json\/wp\/v2\/types\/post"}],"author":[{"embeddable":true,"href":"https:\/\/misslanguages.com\/es\/wp-json\/wp\/v2\/users\/4"}],"replies":[{"embeddable":true,"href":"https:\/\/misslanguages.com\/es\/wp-json\/wp\/v2\/comments?post=11984"}],"version-history":[{"count":2,"href":"https:\/\/misslanguages.com\/es\/wp-json\/wp\/v2\/posts\/11984\/revisions"}],"predecessor-version":[{"id":11988,"href":"https:\/\/misslanguages.com\/es\/wp-json\/wp\/v2\/posts\/11984\/revisions\/11988"}],"wp:featuredmedia":[{"embeddable":true,"href":"https:\/\/misslanguages.com\/es\/wp-json\/wp\/v2\/media\/11985"}],"wp:attachment":[{"href":"https:\/\/misslanguages.com\/es\/wp-json\/wp\/v2\/media?parent=11984"}],"wp:term":[{"taxonomy":"category","embeddable":true,"href":"https:\/\/misslanguages.com\/es\/wp-json\/wp\/v2\/categories?post=11984"},{"taxonomy":"post_tag","embeddable":true,"href":"https:\/\/misslanguages.com\/es\/wp-json\/wp\/v2\/tags?post=11984"}],"curies":[{"name":"wp","href":"https:\/\/api.w.org\/{rel}","templated":true}]}}